{"id":978,"date":"2022-05-24T08:56:58","date_gmt":"2022-05-24T06:56:58","guid":{"rendered":"https:\/\/semanadelainnovacion.umh.es\/?p=978"},"modified":"2022-05-24T12:44:58","modified_gmt":"2022-05-24T10:44:58","slug":"noticia-los-ganadores-de-la-fase-intermedia-de-la-viii-semana-de-la-innovacion-en-la-gestion-universitaria-participan-en-la-i-regata-umh-ocean-race","status":"publish","type":"post","link":"https:\/\/semanadelainnovacion.umh.es\/ca\/2022\/05\/24\/noticia-los-ganadores-de-la-fase-intermedia-de-la-viii-semana-de-la-innovacion-en-la-gestion-universitaria-participan-en-la-i-regata-umh-ocean-race\/","title":{"rendered":"<span lang=\"es\">(Espa\u00f1ol) NOTICIA: Los ganadores de la Fase Intermedia de la VIII Semana de la Innovaci\u00f3n en la Gesti\u00f3n Universitaria participan en la \u2018I Regata UMH Ocean Race\u2019<\/span>"},"content":{"rendered":"<p class=\"qtranxs-available-languages-message qtranxs-available-languages-message-ca\">Ho sentim, aquesta entrada es troba disponible \u00fanicament en <a href=\"https:\/\/semanadelainnovacion.umh.es\/es\/wp-json\/wp\/v2\/posts\/978\" class=\"qtranxs-available-language-link qtranxs-available-language-link-es\" title=\"Espa\u00f1ol\">Espanyol Europeu<\/a>.<\/p>","protected":false},"excerpt":{"rendered":"<p>Ho sentim, aquesta entrada es troba disponible \u00fanicament en Espanyol Europeu.<\/p>\n","protected":false},"author":6536,"featured_media":0,"comment_status":"closed","ping_status":"open","sticky":false,"template":"","format":"standard","meta":{"ngg_post_thumbnail":0,"_links_to":"","_links_to_target":""},"categories":[228],"tags":[],"_links":{"self":[{"href":"https:\/\/semanadelainnovacion.umh.es\/ca\/wp-json\/wp\/v2\/posts\/978"}],"collection":[{"href":"https:\/\/semanadelainnovacion.umh.es\/ca\/wp-json\/wp\/v2\/posts"}],"about":[{"href":"https:\/\/semanadelainnovacion.umh.es\/ca\/wp-json\/wp\/v2\/types\/post"}],"author":[{"embeddable":true,"href":"https:\/\/semanadelainnovacion.umh.es\/ca\/wp-json\/wp\/v2\/users\/6536"}],"replies":[{"embeddable":true,"href":"https:\/\/semanadelainnovacion.umh.es\/ca\/wp-json\/wp\/v2\/comments?post=978"}],"version-history":[{"count":0,"href":"https:\/\/semanadelainnovacion.umh.es\/ca\/wp-json\/wp\/v2\/posts\/978\/revisions"}],"wp:attachment":[{"href":"https:\/\/semanadelainnovacion.umh.es\/ca\/wp-json\/wp\/v2\/media?parent=978"}],"wp:term":[{"taxonomy":"category","embeddable":true,"href":"https:\/\/semanadelainnovacion.umh.es\/ca\/wp-json\/wp\/v2\/categories?post=978"},{"taxonomy":"post_tag","embeddable":true,"href":"https:\/\/semanadelainnovacion.umh.es\/ca\/wp-json\/wp\/v2\/tags?post=978"}],"curies":[{"name":"wp","href":"https:\/\/api.w.org\/{rel}","templated":true}]}}