{"id":793,"date":"2021-10-25T09:05:23","date_gmt":"2021-10-25T07:05:23","guid":{"rendered":"https:\/\/semanadelainnovacion.umh.es\/?p=793"},"modified":"2021-10-25T09:12:32","modified_gmt":"2021-10-25T07:12:32","slug":"horarios-presentacion-al-jurado-final-viii-semana-innovacion","status":"publish","type":"post","link":"https:\/\/semanadelainnovacion.umh.es\/ca\/2021\/10\/25\/horarios-presentacion-al-jurado-final-viii-semana-innovacion\/","title":{"rendered":"Horaris presentaci\u00f3 al Jurat Final. VIII Setmana Innovaci\u00f3"},"content":{"rendered":"<p>Adjuntem els horaris de presentaci\u00f3 de les propostes.<\/p>\n<p><a href=\"https:\/\/semanadelainnovacion.umh.es\/files\/2021\/05\/repor-1024x576-imagen-semana-reportaje.jpg\"><img loading=\"lazy\" class=\"alignnone size-medium wp-image-760\" src=\"https:\/\/semanadelainnovacion.umh.es\/files\/2021\/05\/repor-1024x576-imagen-semana-reportaje-300x169.jpg\" alt=\"\" width=\"300\" height=\"169\" srcset=\"https:\/\/semanadelainnovacion.umh.es\/files\/2021\/05\/repor-1024x576-imagen-semana-reportaje-300x169.jpg 300w, https:\/\/semanadelainnovacion.umh.es\/files\/2021\/05\/repor-1024x576-imagen-semana-reportaje-768x432.jpg 768w, https:\/\/semanadelainnovacion.umh.es\/files\/2021\/05\/repor-1024x576-imagen-semana-reportaje.jpg 1024w\" sizes=\"(max-width: 300px) 100vw, 300px\" \/><\/a><\/p>\n<p><a href=\"https:\/\/semanadelainnovacion.umh.es\/files\/2021\/10\/horarios-presentaci%C3%B3n-de-ideas.pdf\" target=\"_blank\" rel=\"noopener noreferrer\">Enlla\u00e7 a les propostes finalistes amb hora de presentaci\u00f3.<\/a><\/p>\n<p>Es prega puntualitat.<\/p>\n<p>&nbsp;<\/p>","protected":false},"excerpt":{"rendered":"<p>Adjuntem els horaris de presentaci\u00f3 de les propostes.<\/p>\n<p>Enlla\u00e7 a les propostes finalistes amb hora de presentaci\u00f3.<br \/>\nEs prega puntualitat.<br \/>\n&nbsp;<\/p>\n","protected":false},"author":11510,"featured_media":0,"comment_status":"closed","ping_status":"open","sticky":false,"template":"","format":"standard","meta":{"ngg_post_thumbnail":0,"_links_to":"","_links_to_target":""},"categories":[228],"tags":[],"_links":{"self":[{"href":"https:\/\/semanadelainnovacion.umh.es\/ca\/wp-json\/wp\/v2\/posts\/793"}],"collection":[{"href":"https:\/\/semanadelainnovacion.umh.es\/ca\/wp-json\/wp\/v2\/posts"}],"about":[{"href":"https:\/\/semanadelainnovacion.umh.es\/ca\/wp-json\/wp\/v2\/types\/post"}],"author":[{"embeddable":true,"href":"https:\/\/semanadelainnovacion.umh.es\/ca\/wp-json\/wp\/v2\/users\/11510"}],"replies":[{"embeddable":true,"href":"https:\/\/semanadelainnovacion.umh.es\/ca\/wp-json\/wp\/v2\/comments?post=793"}],"version-history":[{"count":0,"href":"https:\/\/semanadelainnovacion.umh.es\/ca\/wp-json\/wp\/v2\/posts\/793\/revisions"}],"wp:attachment":[{"href":"https:\/\/semanadelainnovacion.umh.es\/ca\/wp-json\/wp\/v2\/media?parent=793"}],"wp:term":[{"taxonomy":"category","embeddable":true,"href":"https:\/\/semanadelainnovacion.umh.es\/ca\/wp-json\/wp\/v2\/categories?post=793"},{"taxonomy":"post_tag","embeddable":true,"href":"https:\/\/semanadelainnovacion.umh.es\/ca\/wp-json\/wp\/v2\/tags?post=793"}],"curies":[{"name":"wp","href":"https:\/\/api.w.org\/{rel}","templated":true}]}}