{"id":2197,"date":"2025-05-06T14:10:44","date_gmt":"2025-05-06T12:10:44","guid":{"rendered":"https:\/\/semanadelainnovacion.umh.es\/?p=2197"},"modified":"2025-05-06T14:10:44","modified_gmt":"2025-05-06T12:10:44","slug":"noticia-lanzamiento-de-autentica-umh-una-iniciativa-para-renovar-la-imagen-de-la-pagina-de-entrada-al-acceso-identificado","status":"publish","type":"post","link":"https:\/\/semanadelainnovacion.umh.es\/ca\/2025\/05\/06\/noticia-lanzamiento-de-autentica-umh-una-iniciativa-para-renovar-la-imagen-de-la-pagina-de-entrada-al-acceso-identificado\/","title":{"rendered":"<span lang=\"es\">(Espa\u00f1ol) NOTICIA: Lanzamiento de AUT\u00c9NTICA UMH, una iniciativa para renovar la imagen de la p\u00e1gina de entrada al acceso identificado<\/span>"},"content":{"rendered":"<p class=\"qtranxs-available-languages-message qtranxs-available-languages-message-ca\">Ho sentim, aquesta entrada es troba disponible \u00fanicament en <a href=\"https:\/\/semanadelainnovacion.umh.es\/es\/wp-json\/wp\/v2\/posts\/2197\" class=\"qtranxs-available-language-link qtranxs-available-language-link-es\" title=\"Espa\u00f1ol\">Espanyol Europeu<\/a>.<\/p>","protected":false},"excerpt":{"rendered":"<p>Ho sentim, aquesta entrada es troba disponible \u00fanicament en Espanyol Europeu.<\/p>\n","protected":false},"author":6536,"featured_media":0,"comment_status":"closed","ping_status":"open","sticky":false,"template":"","format":"standard","meta":{"ngg_post_thumbnail":0,"_links_to":"","_links_to_target":""},"categories":[228],"tags":[],"_links":{"self":[{"href":"https:\/\/semanadelainnovacion.umh.es\/ca\/wp-json\/wp\/v2\/posts\/2197"}],"collection":[{"href":"https:\/\/semanadelainnovacion.umh.es\/ca\/wp-json\/wp\/v2\/posts"}],"about":[{"href":"https:\/\/semanadelainnovacion.umh.es\/ca\/wp-json\/wp\/v2\/types\/post"}],"author":[{"embeddable":true,"href":"https:\/\/semanadelainnovacion.umh.es\/ca\/wp-json\/wp\/v2\/users\/6536"}],"replies":[{"embeddable":true,"href":"https:\/\/semanadelainnovacion.umh.es\/ca\/wp-json\/wp\/v2\/comments?post=2197"}],"version-history":[{"count":0,"href":"https:\/\/semanadelainnovacion.umh.es\/ca\/wp-json\/wp\/v2\/posts\/2197\/revisions"}],"wp:attachment":[{"href":"https:\/\/semanadelainnovacion.umh.es\/ca\/wp-json\/wp\/v2\/media?parent=2197"}],"wp:term":[{"taxonomy":"category","embeddable":true,"href":"https:\/\/semanadelainnovacion.umh.es\/ca\/wp-json\/wp\/v2\/categories?post=2197"},{"taxonomy":"post_tag","embeddable":true,"href":"https:\/\/semanadelainnovacion.umh.es\/ca\/wp-json\/wp\/v2\/tags?post=2197"}],"curies":[{"name":"wp","href":"https:\/\/api.w.org\/{rel}","templated":true}]}}