{"id":166,"date":"2015-10-07T07:21:19","date_gmt":"2015-10-07T07:21:19","guid":{"rendered":"http:\/\/semanadelainnovacion.umh.es\/?p=166"},"modified":"2015-10-07T07:21:19","modified_gmt":"2015-10-07T07:21:19","slug":"comenzo-la-ii-semana-de-la-innovacion-en-la-umh","status":"publish","type":"post","link":"https:\/\/semanadelainnovacion.umh.es\/ca\/2015\/10\/07\/comenzo-la-ii-semana-de-la-innovacion-en-la-umh\/","title":{"rendered":"<span lang=\"es\">(Espa\u00f1ol) Comenz\u00f3 la II Semana de la Innovaci\u00f3n en la UMH<\/span>"},"content":{"rendered":"<p class=\"qtranxs-available-languages-message qtranxs-available-languages-message-ca\">Ho sentim, aquesta entrada es troba disponible \u00fanicament en <a href=\"https:\/\/semanadelainnovacion.umh.es\/es\/wp-json\/wp\/v2\/posts\/166\" class=\"qtranxs-available-language-link qtranxs-available-language-link-es\" title=\"Espa\u00f1ol\">Espanyol Europeu<\/a>.<\/p>","protected":false},"excerpt":{"rendered":"<p>Ho sentim, aquesta entrada es troba disponible \u00fanicament en Espanyol Europeu.<\/p>\n","protected":false},"author":168,"featured_media":0,"comment_status":"closed","ping_status":"open","sticky":false,"template":"","format":"standard","meta":{"ngg_post_thumbnail":0,"_links_to":"","_links_to_target":""},"categories":[228],"tags":[],"_links":{"self":[{"href":"https:\/\/semanadelainnovacion.umh.es\/ca\/wp-json\/wp\/v2\/posts\/166"}],"collection":[{"href":"https:\/\/semanadelainnovacion.umh.es\/ca\/wp-json\/wp\/v2\/posts"}],"about":[{"href":"https:\/\/semanadelainnovacion.umh.es\/ca\/wp-json\/wp\/v2\/types\/post"}],"author":[{"embeddable":true,"href":"https:\/\/semanadelainnovacion.umh.es\/ca\/wp-json\/wp\/v2\/users\/168"}],"replies":[{"embeddable":true,"href":"https:\/\/semanadelainnovacion.umh.es\/ca\/wp-json\/wp\/v2\/comments?post=166"}],"version-history":[{"count":0,"href":"https:\/\/semanadelainnovacion.umh.es\/ca\/wp-json\/wp\/v2\/posts\/166\/revisions"}],"wp:attachment":[{"href":"https:\/\/semanadelainnovacion.umh.es\/ca\/wp-json\/wp\/v2\/media?parent=166"}],"wp:term":[{"taxonomy":"category","embeddable":true,"href":"https:\/\/semanadelainnovacion.umh.es\/ca\/wp-json\/wp\/v2\/categories?post=166"},{"taxonomy":"post_tag","embeddable":true,"href":"https:\/\/semanadelainnovacion.umh.es\/ca\/wp-json\/wp\/v2\/tags?post=166"}],"curies":[{"name":"wp","href":"https:\/\/api.w.org\/{rel}","templated":true}]}}