{"id":1498,"date":"2022-10-24T08:35:42","date_gmt":"2022-10-24T06:35:42","guid":{"rendered":"https:\/\/semanadelainnovacion.umh.es\/?p=1498"},"modified":"2022-10-24T08:35:42","modified_gmt":"2022-10-24T06:35:42","slug":"noticia-los-ganadores-de-la-fase-intermedia-de-la-ix-semana-de-la-innovacion-de-la-gestion-universitaria-participan-en-la-jornada-outdoor-umh-solidaria","status":"publish","type":"post","link":"https:\/\/semanadelainnovacion.umh.es\/ca\/2022\/10\/24\/noticia-los-ganadores-de-la-fase-intermedia-de-la-ix-semana-de-la-innovacion-de-la-gestion-universitaria-participan-en-la-jornada-outdoor-umh-solidaria\/","title":{"rendered":"<span lang=\"es\">(Espa\u00f1ol) NOTICIA: Los ganadores de la Fase Intermedia de la IX Semana de la Innovaci\u00f3n de la Gesti\u00f3n Universitaria participan en la Jornada Outdoor \u2018UMH Solidaria\u2019<\/span>"},"content":{"rendered":"<p class=\"qtranxs-available-languages-message qtranxs-available-languages-message-ca\">Ho sentim, aquesta entrada es troba disponible \u00fanicament en <a href=\"https:\/\/semanadelainnovacion.umh.es\/es\/wp-json\/wp\/v2\/posts\/1498\" class=\"qtranxs-available-language-link qtranxs-available-language-link-es\" title=\"Espa\u00f1ol\">Espanyol Europeu<\/a>.<\/p>","protected":false},"excerpt":{"rendered":"<p>Ho sentim, aquesta entrada es troba disponible \u00fanicament en Espanyol Europeu.<\/p>\n","protected":false},"author":6536,"featured_media":0,"comment_status":"closed","ping_status":"open","sticky":false,"template":"","format":"standard","meta":{"ngg_post_thumbnail":0,"_links_to":"","_links_to_target":""},"categories":[228],"tags":[],"_links":{"self":[{"href":"https:\/\/semanadelainnovacion.umh.es\/ca\/wp-json\/wp\/v2\/posts\/1498"}],"collection":[{"href":"https:\/\/semanadelainnovacion.umh.es\/ca\/wp-json\/wp\/v2\/posts"}],"about":[{"href":"https:\/\/semanadelainnovacion.umh.es\/ca\/wp-json\/wp\/v2\/types\/post"}],"author":[{"embeddable":true,"href":"https:\/\/semanadelainnovacion.umh.es\/ca\/wp-json\/wp\/v2\/users\/6536"}],"replies":[{"embeddable":true,"href":"https:\/\/semanadelainnovacion.umh.es\/ca\/wp-json\/wp\/v2\/comments?post=1498"}],"version-history":[{"count":0,"href":"https:\/\/semanadelainnovacion.umh.es\/ca\/wp-json\/wp\/v2\/posts\/1498\/revisions"}],"wp:attachment":[{"href":"https:\/\/semanadelainnovacion.umh.es\/ca\/wp-json\/wp\/v2\/media?parent=1498"}],"wp:term":[{"taxonomy":"category","embeddable":true,"href":"https:\/\/semanadelainnovacion.umh.es\/ca\/wp-json\/wp\/v2\/categories?post=1498"},{"taxonomy":"post_tag","embeddable":true,"href":"https:\/\/semanadelainnovacion.umh.es\/ca\/wp-json\/wp\/v2\/tags?post=1498"}],"curies":[{"name":"wp","href":"https:\/\/api.w.org\/{rel}","templated":true}]}}